{"id":2194,"date":"2026-03-18T21:13:26","date_gmt":"2026-03-18T20:13:26","guid":{"rendered":"https:\/\/www.forumprowallisellen.ch\/?p=2194"},"modified":"2026-03-20T09:11:12","modified_gmt":"2026-03-20T08:11:12","slug":"verzicht-im-2-wahlgang-auf-kandidatur-fuers-stadtpraesidium","status":"publish","type":"post","link":"https:\/\/www.forumprowallisellen.ch\/index.php\/2026\/03\/18\/verzicht-im-2-wahlgang-auf-kandidatur-fuers-stadtpraesidium\/","title":{"rendered":"Verzicht im 2. Wahlgang auf Kandidatur f\u00fcrs Stadtpr\u00e4sidium"},"content":{"rendered":"\n<p><strong>Die Wahlallianz Forum-SP-Gr\u00fcne wird im zweiten Wahlgang f\u00fcr das Stadtpr\u00e4sidium keine Kandidatur stellen. Die beiden gew\u00e4hlten Stadtratsmitglieder Verena Frangi Granwehr (bisher) und Markus Pfanner (neu) haben entschieden, nicht anzutreten.<\/strong><\/p>\n\n\n\n<p>Der Entscheid ist bewusst gefallen: Beide bringen die fachlichen und menschlichen Voraussetzungen f\u00fcr das Amt mit und h\u00e4tten grunds\u00e4tzlich Chancen auf eine Wahl gesehen. Gemeinsam mit der Wahlallianz haben sie sich jedoch entschieden, ihre <strong>Energie auf die inhaltliche Arbeit im Stadtrat zu konzentrieren<\/strong>.<\/p>\n\n\n\n<p>F\u00fcr die Wahlallianz Forum-SP-Gr\u00fcne steht im Vordergrund, dass die Entwicklung von Wallisellen durch die sachorientierte Zusammenarbeit des gesamten Stadtrats vorangebracht wird. Verena Frangi Granwehr und Markus Pfanner wollen dort Verantwortung \u00fcbernehmen und <strong>eine eigenst\u00e4ndige sozial- und umweltpolitische Stimme einbringen<\/strong>.<\/p>\n\n\n\n<p>Markus Pfanner sagt dazu: \u201eIch freue mich sehr \u00fcber das Vertrauen der W\u00e4hlerinnen und W\u00e4hler. Als neues Mitglied im Stadtrat ist es mir wichtig, mich zuerst in diese Aufgabe einzuarbeiten. Mit konstruktiver und l\u00f6sungsorientierter Arbeit in einem Ressort will ich meinen Beitrag zum Wohl der Stadt leisten.\u201c<\/p>\n\n\n\n<p>Verena Frangi Granwehr erg\u00e4nzt: \u201eIch danke den W\u00e4hlerinnen und W\u00e4hlern herzlich f\u00fcr das Vertrauen. Als bisherige Stadtr\u00e4tin weiss ich, wie wichtig die Arbeit in den einzelnen Ressorts ist &#8211; dort entstehen die konkreten L\u00f6sungen f\u00fcr unsere Stadt. Darauf m\u00f6chte ich mich weiterhin mit voller Energie konzentrieren und freue mich auf eine konstruktive Zusammenarbeit \u00fcber alle Ressorts.\u201c<\/p>\n\n\n\n<p>Das Forum pro Wallisellen, die SP und die Gr\u00fcnen erwarten vom neu zusammengesetzten Stadtrat, zentrale Anliegen der Bev\u00f6lkerung konsequent voranzubringen. Dazu geh\u00f6ren <strong>bezahlbarer Wohnraum<\/strong>, die zeitnahe<a href=\"https:\/\/www.forumprowallisellen.ch\/index.php\/2026\/01\/29\/ja-zur-biodiversitaetsinitiative-in-wallisellen\/\"> <strong>Umsetzung der Biodiversit\u00e4tsinitiative<\/strong><\/a> sowie eine <strong>Stadtentwicklung, die allen zugutekommt<\/strong>. Sparmassnahmen im Sozialbereich oder bei der Schule sowie Steuersenkungen lehnen die beiden Parteien sowie das Forum ab. Auch die Revision der Bau- und Zonenordnung (BZO) soll ohne Verz\u00f6gerung vorangetrieben werden.<\/p>\n\n\n\n<p>Forum pro Wallisellen, Gr\u00fcne und SP setzen sich <strong>weiterhin f\u00fcr ein lebendiges und lebenswertes Wallisellen<\/strong> ein und bedanken sich bei den W\u00e4hlerinnen und W\u00e4hlern f\u00fcr die Unterst\u00fctzung im ersten Wahlgang.<\/p>\n\n\n\n<p>Unser Dank geht &#8211; last but not least &#8211; an Philipp Maurer und Simone de Redelijkheid-Pfister, die nicht mehr in den Beh\u00f6rden vertreten sein werden. Mit Philipp verliert der neue Stadtrat eine Pers\u00f6nlichkeit mit grosser Weitsicht, hoher Kompetenz und starkem Engagement f\u00fcr Wallisellen und mit Simone eine \u00fcberaus strukturierte und engagierte Person, die Wissen und Fachkompetenz in verschiedenen Themen &#8211; nicht nur in der Schule &#8211; einbringen konnte. Weiter wird in der neuen Legislatur die umsichtige und geduldige Art von Peter Sp\u00f6rri als Stadtpr\u00e4sident fehlen, der nach vielen Jahren im Dienste der Wallisellerinnen und Walliseller nicht mehr antrat. Allen dreien ein grosses Dankesch\u00f6n und einen riesen Applaus f\u00fcr ihre Leistungen.<\/p>\n\n\n\n<p><\/p>\n","protected":false},"excerpt":{"rendered":"<p>Die Wahlallianz Forum-SP-Gr\u00fcne wird im zweiten Wahlgang f\u00fcr das Stadtpr\u00e4sidium keine Kandidatur stellen. Die beiden gew\u00e4hlten Stadtratsmitglieder Verena Frangi Granwehr (bisher) und Markus Pfanner (neu) haben entschieden, nicht anzutreten. Der Entscheid ist bewusst gefallen: Beide bringen die fachlichen und menschlichen Voraussetzungen f\u00fcr das Amt mit und h\u00e4tten grunds\u00e4tzlich Chancen auf eine Wahl gesehen. Gemeinsam mit [&hellip;]<\/p>\n","protected":false},"author":2,"featured_media":0,"comment_status":"closed","ping_status":"","sticky":false,"template":"","format":"standard","meta":{"footnotes":""},"categories":[1],"tags":[],"class_list":["post-2194","post","type-post","status-publish","format-standard","hentry","category-uncategorized"],"_links":{"self":[{"href":"https:\/\/www.forumprowallisellen.ch\/index.php\/wp-json\/wp\/v2\/posts\/2194","targetHints":{"allow":["GET"]}}],"collection":[{"href":"https:\/\/www.forumprowallisellen.ch\/index.php\/wp-json\/wp\/v2\/posts"}],"about":[{"href":"https:\/\/www.forumprowallisellen.ch\/index.php\/wp-json\/wp\/v2\/types\/post"}],"author":[{"embeddable":true,"href":"https:\/\/www.forumprowallisellen.ch\/index.php\/wp-json\/wp\/v2\/users\/2"}],"replies":[{"embeddable":true,"href":"https:\/\/www.forumprowallisellen.ch\/index.php\/wp-json\/wp\/v2\/comments?post=2194"}],"version-history":[{"count":7,"href":"https:\/\/www.forumprowallisellen.ch\/index.php\/wp-json\/wp\/v2\/posts\/2194\/revisions"}],"predecessor-version":[{"id":2202,"href":"https:\/\/www.forumprowallisellen.ch\/index.php\/wp-json\/wp\/v2\/posts\/2194\/revisions\/2202"}],"wp:attachment":[{"href":"https:\/\/www.forumprowallisellen.ch\/index.php\/wp-json\/wp\/v2\/media?parent=2194"}],"wp:term":[{"taxonomy":"category","embeddable":true,"href":"https:\/\/www.forumprowallisellen.ch\/index.php\/wp-json\/wp\/v2\/categories?post=2194"},{"taxonomy":"post_tag","embeddable":true,"href":"https:\/\/www.forumprowallisellen.ch\/index.php\/wp-json\/wp\/v2\/tags?post=2194"}],"curies":[{"name":"wp","href":"https:\/\/api.w.org\/{rel}","templated":true}]}}