{"id":212,"date":"2019-05-05T22:06:00","date_gmt":"2019-05-05T21:06:00","guid":{"rendered":"https:\/\/test.forumprowallisellen.ch\/wordpress\/?p=212"},"modified":"2021-10-03T12:28:57","modified_gmt":"2021-10-03T11:28:57","slug":"initiative-fuer-preisguenstigen-wohnraum-eingereicht","status":"publish","type":"post","link":"https:\/\/www.forumprowallisellen.ch\/index.php\/2019\/05\/05\/initiative-fuer-preisguenstigen-wohnraum-eingereicht\/","title":{"rendered":"Initiative f\u00fcr preisg\u00fcnstigen Wohnraum eingereicht"},"content":{"rendered":"\n<p><strong>Ab Mai wurden rund 230 Unterschriften f\u00fcr das Anliegen gesammelt, in Wallisellen k\u00fcnftig den Schutz des Anteils preisg\u00fcnstiger Wohnungen zu einem Ziel der Gemeindepolitik zu machen.<\/strong><\/p>\n\n\n\n<p>Am vergangenen Montag wurden die Unterschriftenb\u00f6gen nun eingereicht, so dass vermutlich an der Gemeindeversammlung von Anfang Dezember \u00fcber die Erheblicherkl\u00e4rung der Initiative abgestimmt werden wird.<\/p>\n\n\n\n<p>Man muss festhalten, dass Wallisellen in Sachen der F\u00f6rderung von preisg\u00fcnstigem Wohnraum bisher nicht zu den Pioniergemeinden z\u00e4hlte. Der Anteil an gef\u00f6rdertem Wohnraum liegt bei etwa zwei Prozent und ist in den letzten Jahren eher noch gesunken. Unter den vielen neu gebauten Wohnungen der letzten Jahre kann man wohl nur die 100 zu den Preisg\u00fcnstigen z\u00e4hlen, welche von den Anlagestiftungen Adimora und Turidomus der Pensimo Management AG auf dem Zwicky-Areal errichtet wurden.<\/p>\n\n\n\n<p>Die Initiative des Forums gibt bewusst keine konkreten Massnahmen vor, mit welchen das formulierte Ziel erreicht werden soll. Die Demokratie in der Schweiz funktioniert immer dann am besten, wenn die Bev\u00f6lkerung die Ziele vorgibt und die Beh\u00f6rden mit ihrer Sachkenntnis und mit Hilfe des Zusammentragens von Entscheidungsgrundlagen nach dem wirksamsten Weg suchen.<\/p>\n","protected":false},"excerpt":{"rendered":"<p>Ab Mai wurden rund 230 Unterschriften f\u00fcr das Anliegen gesammelt, in Wallisellen k\u00fcnftig den Schutz des Anteils preisg\u00fcnstiger Wohnungen zu einem Ziel der Gemeindepolitik zu machen. Am vergangenen Montag wurden die Unterschriftenb\u00f6gen nun eingereicht, so dass vermutlich an der Gemeindeversammlung von Anfang Dezember \u00fcber die Erheblicherkl\u00e4rung der Initiative abgestimmt werden wird. Man muss festhalten, dass [&hellip;]<\/p>\n","protected":false},"author":1,"featured_media":0,"comment_status":"closed","ping_status":"closed","sticky":false,"template":"","format":"standard","meta":{"footnotes":""},"categories":[1],"tags":[],"class_list":["post-212","post","type-post","status-publish","format-standard","hentry","category-uncategorized"],"_links":{"self":[{"href":"https:\/\/www.forumprowallisellen.ch\/index.php\/wp-json\/wp\/v2\/posts\/212","targetHints":{"allow":["GET"]}}],"collection":[{"href":"https:\/\/www.forumprowallisellen.ch\/index.php\/wp-json\/wp\/v2\/posts"}],"about":[{"href":"https:\/\/www.forumprowallisellen.ch\/index.php\/wp-json\/wp\/v2\/types\/post"}],"author":[{"embeddable":true,"href":"https:\/\/www.forumprowallisellen.ch\/index.php\/wp-json\/wp\/v2\/users\/1"}],"replies":[{"embeddable":true,"href":"https:\/\/www.forumprowallisellen.ch\/index.php\/wp-json\/wp\/v2\/comments?post=212"}],"version-history":[{"count":3,"href":"https:\/\/www.forumprowallisellen.ch\/index.php\/wp-json\/wp\/v2\/posts\/212\/revisions"}],"predecessor-version":[{"id":884,"href":"https:\/\/www.forumprowallisellen.ch\/index.php\/wp-json\/wp\/v2\/posts\/212\/revisions\/884"}],"wp:attachment":[{"href":"https:\/\/www.forumprowallisellen.ch\/index.php\/wp-json\/wp\/v2\/media?parent=212"}],"wp:term":[{"taxonomy":"category","embeddable":true,"href":"https:\/\/www.forumprowallisellen.ch\/index.php\/wp-json\/wp\/v2\/categories?post=212"},{"taxonomy":"post_tag","embeddable":true,"href":"https:\/\/www.forumprowallisellen.ch\/index.php\/wp-json\/wp\/v2\/tags?post=212"}],"curies":[{"name":"wp","href":"https:\/\/api.w.org\/{rel}","templated":true}]}}