{"id":1985,"date":"2025-10-19T15:20:29","date_gmt":"2025-10-19T14:20:29","guid":{"rendered":"https:\/\/www.forumprowallisellen.ch\/?p=1985"},"modified":"2025-10-19T15:20:29","modified_gmt":"2025-10-19T14:20:29","slug":"mit-klaren-zielen-ins-wahljahr","status":"publish","type":"post","link":"https:\/\/www.forumprowallisellen.ch\/index.php\/2025\/10\/19\/mit-klaren-zielen-ins-wahljahr\/","title":{"rendered":"Mit klaren Zielen ins Wahljahr"},"content":{"rendered":"\n<p class=\"has-large-font-size\"><strong>Berichte Nominations- und Jahresversammlung <\/strong><\/p>\n\n\n\n<p>An der Mitgliederversammlung vom 11. September und an der Jahresversammlung vom 2. Oktober 2025 wurden die Weichen f\u00fcrs Wahljahr gestellt. Die Mitglieder vom Forum pro Wallisellen nominierten die <a href=\"https:\/\/www.forumprowallisellen.ch\/index.php\/2025\/08\/28\/6-parteilose-fuer-ein-vielfaeltiges-wallisellen\/\">parteilosen Kandidierenden<\/a> und unterst\u00fctzen die Nomination der Mitglieder der Gr\u00fcnen und SP (siehe Artikel unten) f\u00fcr ein Beh\u00f6rdenamt in der Stadt Wallisellen. <\/p>\n\n\n\n<p>Wichtige politische Themen im neuen Vereinsjahr sind neben den Wahlen: die BZO-Vorlage, Kindergarten in Rieden, Lifte am Bahnhof und nat\u00fcrlich die <a href=\"https:\/\/www.forumprowallisellen.ch\/index.php\/2025\/07\/07\/initiative-eingereicht\/\">Biodiversit\u00e4tsinitiative vom Forum<\/a>, die im<a href=\"https:\/\/www.forumprowallisellen.ch\/index.php\/2025\/09\/19\/stadtrat-unterstuetzt-initiative-fuer-mehr-biodiversitaet\/\"> M\u00e4rz zur Abstimmung<\/a> kommt. <\/p>\n\n\n\n<p>Die angef\u00fcgten Artikel im Anzeiger von Wallisellen fassen die Gesch\u00e4fte der beiden Versammlungen zusammen. <\/p>\n\n\n\n<p><strong>Bericht Jahresversammlung 2025<\/strong><\/p>\n\n\n\n<div data-wp-interactive=\"core\/file\" class=\"wp-block-file\"><object data-wp-bind--hidden=\"!state.hasPdfPreview\" hidden class=\"wp-block-file__embed\" data=\"https:\/\/www.forumprowallisellen.ch\/wp-content\/uploads\/2025\/10\/AvWa-251009-006-6.pdf\" type=\"application\/pdf\" style=\"width:100%;height:600px\" aria-label=\"Einbettung von AvWa-251009-006-6.\"><\/object><a id=\"wp-block-file--media-8ceadce2-4a5b-490b-a2b8-5de85a748ca3\" href=\"https:\/\/www.forumprowallisellen.ch\/wp-content\/uploads\/2025\/10\/AvWa-251009-006-6.pdf\">AvWa-251009-006-6<\/a><a href=\"https:\/\/www.forumprowallisellen.ch\/wp-content\/uploads\/2025\/10\/AvWa-251009-006-6.pdf\" class=\"wp-block-file__button wp-element-button\" download aria-describedby=\"wp-block-file--media-8ceadce2-4a5b-490b-a2b8-5de85a748ca3\">Herunterladen<\/a><\/div>\n\n\n\n<p><strong>Bericht Nominationsversammlung 11.9.25<\/strong><\/p>\n\n\n\n<div data-wp-interactive=\"core\/file\" class=\"wp-block-file\"><object data-wp-bind--hidden=\"!state.hasPdfPreview\" hidden class=\"wp-block-file__embed\" data=\"https:\/\/www.forumprowallisellen.ch\/wp-content\/uploads\/2025\/10\/AvWa-250918.pdf\" type=\"application\/pdf\" style=\"width:100%;height:600px\" aria-label=\"Einbettung von AvWa-250918.\"><\/object><a id=\"wp-block-file--media-1d496a12-f95d-44f0-995f-8fa7d63ccc4e\" href=\"https:\/\/www.forumprowallisellen.ch\/wp-content\/uploads\/2025\/10\/AvWa-250918.pdf\">AvWa-250918<\/a><a href=\"https:\/\/www.forumprowallisellen.ch\/wp-content\/uploads\/2025\/10\/AvWa-250918.pdf\" class=\"wp-block-file__button wp-element-button\" download aria-describedby=\"wp-block-file--media-1d496a12-f95d-44f0-995f-8fa7d63ccc4e\">Herunterladen<\/a><\/div>\n","protected":false},"excerpt":{"rendered":"<p>Berichte Nominations- und Jahresversammlung An der Mitgliederversammlung vom 11. September und an der Jahresversammlung vom 2. Oktober 2025 wurden die Weichen f\u00fcrs Wahljahr gestellt. Die Mitglieder vom Forum pro Wallisellen nominierten die parteilosen Kandidierenden und unterst\u00fctzen die Nomination der Mitglieder der Gr\u00fcnen und SP (siehe Artikel unten) f\u00fcr ein Beh\u00f6rdenamt in der Stadt Wallisellen. Wichtige [&hellip;]<\/p>\n","protected":false},"author":3,"featured_media":0,"comment_status":"closed","ping_status":"","sticky":false,"template":"","format":"standard","meta":{"footnotes":""},"categories":[1],"tags":[53,34,35,44,41,49,42,47,48,52,55,56,46,51,50,43,40],"class_list":["post-1985","post","type-post","status-publish","format-standard","hentry","category-uncategorized","tag-alexandra-hoffmann","tag-behoerdenwahlen-2026","tag-erneuerungswahlen","tag-eva-maria-holzer","tag-forumprowallisellen","tag-karin-braun","tag-markus-pfanner","tag-philipp-maurer","tag-rene-nussbaumer","tag-reto-pfeiffer","tag-rgpk","tag-schulpflege","tag-simone-de-redelijkheid","tag-stefan-cescutti","tag-stephanie-reymond","tag-verena-frangi","tag-wallisellen"],"_links":{"self":[{"href":"https:\/\/www.forumprowallisellen.ch\/index.php\/wp-json\/wp\/v2\/posts\/1985","targetHints":{"allow":["GET"]}}],"collection":[{"href":"https:\/\/www.forumprowallisellen.ch\/index.php\/wp-json\/wp\/v2\/posts"}],"about":[{"href":"https:\/\/www.forumprowallisellen.ch\/index.php\/wp-json\/wp\/v2\/types\/post"}],"author":[{"embeddable":true,"href":"https:\/\/www.forumprowallisellen.ch\/index.php\/wp-json\/wp\/v2\/users\/3"}],"replies":[{"embeddable":true,"href":"https:\/\/www.forumprowallisellen.ch\/index.php\/wp-json\/wp\/v2\/comments?post=1985"}],"version-history":[{"count":5,"href":"https:\/\/www.forumprowallisellen.ch\/index.php\/wp-json\/wp\/v2\/posts\/1985\/revisions"}],"predecessor-version":[{"id":1993,"href":"https:\/\/www.forumprowallisellen.ch\/index.php\/wp-json\/wp\/v2\/posts\/1985\/revisions\/1993"}],"wp:attachment":[{"href":"https:\/\/www.forumprowallisellen.ch\/index.php\/wp-json\/wp\/v2\/media?parent=1985"}],"wp:term":[{"taxonomy":"category","embeddable":true,"href":"https:\/\/www.forumprowallisellen.ch\/index.php\/wp-json\/wp\/v2\/categories?post=1985"},{"taxonomy":"post_tag","embeddable":true,"href":"https:\/\/www.forumprowallisellen.ch\/index.php\/wp-json\/wp\/v2\/tags?post=1985"}],"curies":[{"name":"wp","href":"https:\/\/api.w.org\/{rel}","templated":true}]}}