{"id":1980,"date":"2025-09-19T11:39:14","date_gmt":"2025-09-19T10:39:14","guid":{"rendered":"https:\/\/www.forumprowallisellen.ch\/?p=1980"},"modified":"2025-09-19T11:39:14","modified_gmt":"2025-09-19T10:39:14","slug":"stadtrat-unterstuetzt-initiative-fuer-mehr-biodiversitaet","status":"publish","type":"post","link":"https:\/\/www.forumprowallisellen.ch\/index.php\/2025\/09\/19\/stadtrat-unterstuetzt-initiative-fuer-mehr-biodiversitaet\/","title":{"rendered":"Stadtrat unterst\u00fctzt \u00abInitiative f\u00fcr mehr Biodiversit\u00e4t\u00bb"},"content":{"rendered":"\n<p><strong>Der<a href=\"https:\/\/www.wallisellen.ch\/politikinformationen\/2569123\" data-type=\"link\" data-id=\"https:\/\/www.wallisellen.ch\/politikinformationen\/2569123\"> Stadtrat unterst\u00fctzt \u00abInitiative f\u00fcr mehr Biodiversit\u00e4t\u00bb<\/a> vom Forum pro Wallisellen. <\/strong>Sie beantragt eine Erg\u00e4nzung der Gemeindeordnung mit dem Ziel, die Biodiversit\u00e4t auf dem gesamten Stadtgebiet zu f\u00f6rdern. Daf\u00fcr sei ein Konzept zu erarbeiten. Die Stadt solle eine Vorbildfunktion einnehmen und Beratungen anbieten. <br>Der Stadtrat schreibt im Sinne des Forums: &#171;Die Biodiversit\u00e4t schafft gesunde und widerstandsf\u00e4hige \u00d6kosysteme von grossem Wert f\u00fcr das menschliche Wohlergehen und die wirtschaftliche Wertsch\u00f6pfung. Der Schutz unserer Lebensgrundlagen ist ein Verfassungsauftrag. Ein Massnahmenplan soll die verbindliche Umsetzung des Konzepts sichern.&#187;<\/p>\n\n\n\n<p>Die Initiative wurde in der <strong>Themenarbeitsgruppe Gr\u00fcnes Wallisellen<\/strong> vom Forum erarbeitet und von den Erstunterzeichnenden Markus Kaufmann, Alexandra Hoffmann und Tanja Paganini im Juni 2025 eingereicht. <\/p>\n\n\n\n<p>Die Initiative kommt am <strong>8. M\u00e4rz 2026<\/strong> zur <strong>Urnenabstimmung<\/strong>. Wir bitten euch ein klares <strong>Ja<\/strong> in die Urne zu legen f\u00fcr ein lebenswertes Wallisellen &#8211; Ganz im Motto: <strong>Mehr Gr\u00fcn und Blau statt Grau<\/strong>. <\/p>\n\n\n\n<p><\/p>\n\n\n\n<p><strong>Artikel im Anzeiger von Wallisellen vom 18.09.2025<\/strong><\/p>\n\n\n\n<div data-wp-interactive=\"core\/file\" class=\"wp-block-file\"><object data-wp-bind--hidden=\"!state.hasPdfPreview\" hidden class=\"wp-block-file__embed\" data=\"https:\/\/www.forumprowallisellen.ch\/wp-content\/uploads\/2025\/09\/AvWEa180925_Biodiversitaet.pdf\" type=\"application\/pdf\" style=\"width:100%;height:600px\" aria-label=\"Einbettung von AvWEa180925_Biodiversitaet.\"><\/object><a id=\"wp-block-file--media-0fcd7d5f-17a9-4233-8067-65a1ac1ad64c\" href=\"https:\/\/www.forumprowallisellen.ch\/wp-content\/uploads\/2025\/09\/AvWEa180925_Biodiversitaet.pdf\">AvWEa180925_Biodiversitaet<\/a><a href=\"https:\/\/www.forumprowallisellen.ch\/wp-content\/uploads\/2025\/09\/AvWEa180925_Biodiversitaet.pdf\" class=\"wp-block-file__button wp-element-button\" download aria-describedby=\"wp-block-file--media-0fcd7d5f-17a9-4233-8067-65a1ac1ad64c\">Herunterladen<\/a><\/div>\n","protected":false},"excerpt":{"rendered":"<p>Der Stadtrat unterst\u00fctzt \u00abInitiative f\u00fcr mehr Biodiversit\u00e4t\u00bb vom Forum pro Wallisellen. Sie beantragt eine Erg\u00e4nzung der Gemeindeordnung mit dem Ziel, die Biodiversit\u00e4t auf dem gesamten Stadtgebiet zu f\u00f6rdern. Daf\u00fcr sei ein Konzept zu erarbeiten. Die Stadt solle eine Vorbildfunktion einnehmen und Beratungen anbieten. Der Stadtrat schreibt im Sinne des Forums: &#171;Die Biodiversit\u00e4t schafft gesunde und [&hellip;]<\/p>\n","protected":false},"author":3,"featured_media":0,"comment_status":"closed","ping_status":"","sticky":false,"template":"","format":"standard","meta":{"footnotes":""},"categories":[1],"tags":[],"class_list":["post-1980","post","type-post","status-publish","format-standard","hentry","category-uncategorized"],"_links":{"self":[{"href":"https:\/\/www.forumprowallisellen.ch\/index.php\/wp-json\/wp\/v2\/posts\/1980","targetHints":{"allow":["GET"]}}],"collection":[{"href":"https:\/\/www.forumprowallisellen.ch\/index.php\/wp-json\/wp\/v2\/posts"}],"about":[{"href":"https:\/\/www.forumprowallisellen.ch\/index.php\/wp-json\/wp\/v2\/types\/post"}],"author":[{"embeddable":true,"href":"https:\/\/www.forumprowallisellen.ch\/index.php\/wp-json\/wp\/v2\/users\/3"}],"replies":[{"embeddable":true,"href":"https:\/\/www.forumprowallisellen.ch\/index.php\/wp-json\/wp\/v2\/comments?post=1980"}],"version-history":[{"count":3,"href":"https:\/\/www.forumprowallisellen.ch\/index.php\/wp-json\/wp\/v2\/posts\/1980\/revisions"}],"predecessor-version":[{"id":1984,"href":"https:\/\/www.forumprowallisellen.ch\/index.php\/wp-json\/wp\/v2\/posts\/1980\/revisions\/1984"}],"wp:attachment":[{"href":"https:\/\/www.forumprowallisellen.ch\/index.php\/wp-json\/wp\/v2\/media?parent=1980"}],"wp:term":[{"taxonomy":"category","embeddable":true,"href":"https:\/\/www.forumprowallisellen.ch\/index.php\/wp-json\/wp\/v2\/categories?post=1980"},{"taxonomy":"post_tag","embeddable":true,"href":"https:\/\/www.forumprowallisellen.ch\/index.php\/wp-json\/wp\/v2\/tags?post=1980"}],"curies":[{"name":"wp","href":"https:\/\/api.w.org\/{rel}","templated":true}]}}