{"id":1966,"date":"2025-07-07T09:55:35","date_gmt":"2025-07-07T08:55:35","guid":{"rendered":"https:\/\/www.forumprowallisellen.ch\/?p=1966"},"modified":"2025-07-07T09:55:35","modified_gmt":"2025-07-07T08:55:35","slug":"initiative-eingereicht","status":"publish","type":"post","link":"https:\/\/www.forumprowallisellen.ch\/index.php\/2025\/07\/07\/initiative-eingereicht\/","title":{"rendered":"Initiative eingereicht"},"content":{"rendered":"\n<p class=\"has-medium-font-size\"><strong>F\u00fcr mehr Biodiversit\u00e4t in Wallisellen &#8211; Kommunale Initiative <\/strong><\/p>\n\n\n\n<p>Ende Juni reichten die Erstunterzeichnenden die Initiative f\u00fcr mehr Biodiversit\u00e4t in Wallisellen ein mit 144 g\u00fcltigen Unterschriften. Mehr dazu in unserem Artikel im Anzeiger von Wallisellen vom 3. Juli 2025. <\/p>\n\n\n\n<p><\/p>\n\n\n\n<div data-wp-interactive=\"core\/file\" class=\"wp-block-file\"><object data-wp-bind--hidden=\"!state.hasPdfPreview\" hidden class=\"wp-block-file__embed\" data=\"https:\/\/www.forumprowallisellen.ch\/wp-content\/uploads\/2025\/07\/AvWa-3.-Juni-25_Initiative-Forum-.pdf\" type=\"application\/pdf\" style=\"width:100%;height:600px\" aria-label=\"Einbettung von AvWa-3.-Juni-25_Initiative-Forum-.\"><\/object><a id=\"wp-block-file--media-82546cd1-c17d-444c-850b-189d92e1d4b5\" href=\"https:\/\/www.forumprowallisellen.ch\/wp-content\/uploads\/2025\/07\/AvWa-3.-Juni-25_Initiative-Forum-.pdf\">AvWa-3.-Juni-25_Initiative-Forum-<\/a><a href=\"https:\/\/www.forumprowallisellen.ch\/wp-content\/uploads\/2025\/07\/AvWa-3.-Juni-25_Initiative-Forum-.pdf\" class=\"wp-block-file__button wp-element-button\" download aria-describedby=\"wp-block-file--media-82546cd1-c17d-444c-850b-189d92e1d4b5\">Herunterladen<\/a><\/div>\n","protected":false},"excerpt":{"rendered":"<p>F\u00fcr mehr Biodiversit\u00e4t in Wallisellen &#8211; Kommunale Initiative Ende Juni reichten die Erstunterzeichnenden die Initiative f\u00fcr mehr Biodiversit\u00e4t in Wallisellen ein mit 144 g\u00fcltigen Unterschriften. Mehr dazu in unserem Artikel im Anzeiger von Wallisellen vom 3. Juli 2025.<\/p>\n","protected":false},"author":3,"featured_media":0,"comment_status":"closed","ping_status":"","sticky":false,"template":"","format":"standard","meta":{"footnotes":""},"categories":[1],"tags":[],"class_list":["post-1966","post","type-post","status-publish","format-standard","hentry","category-uncategorized"],"_links":{"self":[{"href":"https:\/\/www.forumprowallisellen.ch\/index.php\/wp-json\/wp\/v2\/posts\/1966","targetHints":{"allow":["GET"]}}],"collection":[{"href":"https:\/\/www.forumprowallisellen.ch\/index.php\/wp-json\/wp\/v2\/posts"}],"about":[{"href":"https:\/\/www.forumprowallisellen.ch\/index.php\/wp-json\/wp\/v2\/types\/post"}],"author":[{"embeddable":true,"href":"https:\/\/www.forumprowallisellen.ch\/index.php\/wp-json\/wp\/v2\/users\/3"}],"replies":[{"embeddable":true,"href":"https:\/\/www.forumprowallisellen.ch\/index.php\/wp-json\/wp\/v2\/comments?post=1966"}],"version-history":[{"count":2,"href":"https:\/\/www.forumprowallisellen.ch\/index.php\/wp-json\/wp\/v2\/posts\/1966\/revisions"}],"predecessor-version":[{"id":1970,"href":"https:\/\/www.forumprowallisellen.ch\/index.php\/wp-json\/wp\/v2\/posts\/1966\/revisions\/1970"}],"wp:attachment":[{"href":"https:\/\/www.forumprowallisellen.ch\/index.php\/wp-json\/wp\/v2\/media?parent=1966"}],"wp:term":[{"taxonomy":"category","embeddable":true,"href":"https:\/\/www.forumprowallisellen.ch\/index.php\/wp-json\/wp\/v2\/categories?post=1966"},{"taxonomy":"post_tag","embeddable":true,"href":"https:\/\/www.forumprowallisellen.ch\/index.php\/wp-json\/wp\/v2\/tags?post=1966"}],"curies":[{"name":"wp","href":"https:\/\/api.w.org\/{rel}","templated":true}]}}