{"id":1137,"date":"2022-03-03T09:04:47","date_gmt":"2022-03-03T08:04:47","guid":{"rendered":"https:\/\/www.forumprowallisellen.ch\/?p=1137"},"modified":"2022-03-06T19:09:04","modified_gmt":"2022-03-06T18:09:04","slug":"wahlkampf-neue-ideen-und-wege","status":"publish","type":"post","link":"https:\/\/www.forumprowallisellen.ch\/index.php\/2022\/03\/03\/wahlkampf-neue-ideen-und-wege\/","title":{"rendered":"Wahlkampf: Neue Ideen und Wege"},"content":{"rendered":"\n<p style=\"font-size:28px\"><strong>Neue Ideen und Wege<\/strong> <strong>im<\/strong> <strong>Wahlkampf <\/strong><\/p>\n\n\n\n<p><\/p>\n\n\n\n<p>Am 27. M\u00e4rz finden in Wallisellen die Beh\u00f6rdenwahlen statt. Doch wie lernt man die Kandidierenden in Zeiten der Corona-Pandemie kennen? Wie erf\u00e4hrt man mehr \u00fcber ihre Beweggr\u00fcnde und Ziele? Weshalb treten sie nochmals an? Was m\u00f6chten sie bewirken?<\/p>\n\n\n\n<p style=\"font-size:18px\"><strong>Zoom-Anlass des Forum pro Wallisellen<\/strong><\/p>\n\n\n\n<p>Das Forum pro Wallisellen (FpW) bot eine sichere M\u00f6glichkeit an: Anfangs Februar nehmen die Kandidatinnen und Kandidaten des FpW an Online-Podien teil und stellten sich unter anderem den Fragen der Bev\u00f6lkerung. Markus Pfanner moderierte diese Anl\u00e4sse gekonnt, f\u00fchlte den Kandidierenden auf den Zahn und baute die vielen Fragen der Bev\u00f6lkerung oder den Mitgliedern des Forums via Chat passend ein. Eines ist sicher, dank diesen Podien kennen die Teilnehmer die Pers\u00f6nlichkeiten, die Ziele und F\u00e4higkeiten der Kandidierenden viel besser. Der Zoom Anlass erm\u00f6glichte dem Publikum sich von Zuhause zuzuschalten. Zus\u00e4tzlich war dieser Anlass eine gute Gelegenheit, die Positionen zu sch\u00e4rfen. <\/p>\n\n\n\n<p><strong>Stimmen zum Zoom-Anlass<\/strong><\/p>\n\n\n\n<p class=\"has-luminous-vivid-orange-color has-text-color\"><strong>Markus Pfanner, Moderator: &#171;Es freut mich, dass diese Gelegenheit genutzt wurde. Die Kandidierenden bewiesen dabei, dass sie die fachlichen und menschlichen F\u00e4higkeiten besitzen, um in den verschiedenen Beh\u00f6rdengremien gute Arbeit zu leisten.&#187;<\/strong><\/p>\n\n\n\n<p class=\"has-luminous-vivid-orange-color has-text-color\"><strong>Tobias Hofstetter, Pr\u00e4sident SP Wallisellen: \u201cNeue Ideen und Wege sind dieses Jahr gefragt im Wahlkampf. Das Forum hat die Digitalisierung genutzt und der Bev\u00f6lkerung eine gute und sichere M\u00f6glichkeit zum Kennenlernen ihrer Kandidatinnen und Kandidaten gegeben. Das war sehr wichtig f\u00fcr die Demokratie in Wallisellen.\u201d<\/strong><\/p>\n\n\n\n<figure class=\"wp-block-image size-large is-resized\"><img loading=\"lazy\" decoding=\"async\" src=\"https:\/\/www.forumprowallisellen.ch\/wp-content\/uploads\/2022\/01\/Zoom_Kandidierende-1024x724.png\" alt=\"\" class=\"wp-image-1136\" width=\"753\" height=\"532\" srcset=\"https:\/\/www.forumprowallisellen.ch\/wp-content\/uploads\/2022\/01\/Zoom_Kandidierende-1024x724.png 1024w, https:\/\/www.forumprowallisellen.ch\/wp-content\/uploads\/2022\/01\/Zoom_Kandidierende-300x212.png 300w, https:\/\/www.forumprowallisellen.ch\/wp-content\/uploads\/2022\/01\/Zoom_Kandidierende-768x543.png 768w, https:\/\/www.forumprowallisellen.ch\/wp-content\/uploads\/2022\/01\/Zoom_Kandidierende-1536x1086.png 1536w, https:\/\/www.forumprowallisellen.ch\/wp-content\/uploads\/2022\/01\/Zoom_Kandidierende.png 2000w\" sizes=\"auto, (max-width: 753px) 100vw, 753px\" \/><\/figure>\n\n\n\n<p>Die sozialen Medien spielen nat\u00fcrlich in diesem Wahlkampf eine zentrale Rolle f\u00fcrs Forum. Daneben betreiben die Kandidierenden selbst ihre eigenen Kan\u00e4le auf Facebook oder Instagram.  Speziell erw\u00e4hnen wir die Video-Interviews auf Facebook: 1 Politiker*in, 40 Sekunden, 4 Fragen, 1 Papierflieger. Auf spielerische Art geht das Forum damit auf die Walliseller:innen zu. <\/p>\n\n\n\n<p><\/p>\n\n\n\n<p>Zu den Positionen der <a href=\"https:\/\/www.forumprowallisellen.ch\/index.php\/2022\/02\/28\/unsere-kandidierenden-auf-einen-blick\/\">Kandidierenden<\/a> und dem Leistungsausweis verweisen wir auf die Grossauflage des Anzeiger von Wallisellen vom 24. Februar 2022 und auf die <a href=\"https:\/\/www.forumprowallisellen.ch\/index.php\/2022\/03\/06\/wahlzeitung-des-forums\/\">Wahlzeitung des FpW<\/a>, die aktuell an alle Haushalte verteilt wird. Weiter gaben auch die Wahlpodien der IPK der Bev\u00f6lkerung die M\u00f6glichkeit, die Kandidierenden kennen zu lernen. Diese Podien sind online abrufbar auf <a href=\"https:\/\/www.televista.ch\/sendung\/rund-um-die-gemeinde\/\">Televista.ch<\/a>. Wer es lieber k\u00fcrzer hat, darf gerne z.B. in den Zusammenschnitt des <a href=\"https:\/\/www.televista.ch\/video\/stadtratswahl-podiumsgespraech-drrsaob827i0\/\">Stadtratspodiums<\/a> mit den Analysen von Adis Merdzanovic reinh\u00f6ren.<\/p>\n\n\n\n<figure class=\"wp-block-image size-large is-resized\"><img loading=\"lazy\" decoding=\"async\" src=\"https:\/\/www.forumprowallisellen.ch\/wp-content\/uploads\/2022\/03\/SimoneAmIPKPidum-1024x683.jpg\" alt=\"\" class=\"wp-image-1175\" width=\"840\" height=\"560\" srcset=\"https:\/\/www.forumprowallisellen.ch\/wp-content\/uploads\/2022\/03\/SimoneAmIPKPidum-1024x683.jpg 1024w, https:\/\/www.forumprowallisellen.ch\/wp-content\/uploads\/2022\/03\/SimoneAmIPKPidum-300x200.jpg 300w, https:\/\/www.forumprowallisellen.ch\/wp-content\/uploads\/2022\/03\/SimoneAmIPKPidum-768x512.jpg 768w, https:\/\/www.forumprowallisellen.ch\/wp-content\/uploads\/2022\/03\/SimoneAmIPKPidum-391x260.jpg 391w, https:\/\/www.forumprowallisellen.ch\/wp-content\/uploads\/2022\/03\/SimoneAmIPKPidum-1536x1024.jpg 1536w, https:\/\/www.forumprowallisellen.ch\/wp-content\/uploads\/2022\/03\/SimoneAmIPKPidum.jpg 1600w\" sizes=\"auto, (max-width: 840px) 100vw, 840px\" \/><figcaption>Forums-Kandidatin Simone de Redelijkheid-Pfister beantwortet Fragen am IPK Podium f\u00fcrs Schulpr\u00e4sidium. <\/figcaption><\/figure>\n\n\n\n<p><\/p>\n\n\n\n<p style=\"font-size:18px\"><strong>Die Kandidierenden sind pr\u00e4sent auf Pl\u00e4tzen und Strassen von Wallisellen<\/strong><\/p>\n\n\n\n<p>Immer wieder traten sie in den letzten Wochen mit der Bev\u00f6lkerung in Kontakt \u2013 sei es bei Standaktionen im Zentrum und im Richti-Quartier, beim \u00abFpW on Ice\u00bb auf dem Eisfeld im Sportzentrum.<\/p>\n\n\n\n<p>\u00abZ\u00e4me f\u00fcr e l\u00e4bigi Stadt\u00bb lautet der Slogan der Kandidierenden des FpW. Die Flaggen vom Forum, der SP und der Gr\u00fcnen sind jeweils von weit her sichtbar. Als spielerisches Element tanzten Seifenblasen in der Luft, um die verschiedenen Farben des Wahlb\u00fcndnis (parteilos, SP, Gr\u00fcne) zu widerspiegeln und zu zeigen, dass Politik nicht immer nur eine ernste Materie ist. Die letzte Standaktion findet am 5. M\u00e4rz im Dorfzentrum statt.<\/p>\n\n\n\n<figure class=\"wp-block-image size-large is-resized\"><img loading=\"lazy\" decoding=\"async\" src=\"https:\/\/www.forumprowallisellen.ch\/wp-content\/uploads\/2022\/02\/Standaktion-1024x684.jpg\" alt=\"\" class=\"wp-image-1135\" width=\"794\" height=\"530\" srcset=\"https:\/\/www.forumprowallisellen.ch\/wp-content\/uploads\/2022\/02\/Standaktion-1024x684.jpg 1024w, https:\/\/www.forumprowallisellen.ch\/wp-content\/uploads\/2022\/02\/Standaktion-300x200.jpg 300w, https:\/\/www.forumprowallisellen.ch\/wp-content\/uploads\/2022\/02\/Standaktion-768x513.jpg 768w, https:\/\/www.forumprowallisellen.ch\/wp-content\/uploads\/2022\/02\/Standaktion-391x260.jpg 391w, https:\/\/www.forumprowallisellen.ch\/wp-content\/uploads\/2022\/02\/Standaktion.jpg 1026w\" sizes=\"auto, (max-width: 794px) 100vw, 794px\" \/><figcaption>Standaktion vom 5. Februar<\/figcaption><\/figure>\n\n\n\n<p>Zum Schlussspurt setzen sich die Kandidierenden auf das Velo und zeigen, dass sie in jeder Beziehung fit f\u00fcr die anstehenden Wahlen sind. Am Samstag, 12. M\u00e4rz, fahren die Kandidatinnen und Kandidaten durch die Stadt. F\u00fcr den Stadtrat steigen ins Rennen Peter Sp\u00f6rri (auch als Stadtpr\u00e4sident), Philipp Maurer, Verena Frangi Granwehr; f\u00fcr die Schulpflege sind es Simone de Redelijkheid-Pfister (ebenfalls als Schulpr\u00e4sidentin) und Ren\u00e9 Nussbaumer sowie f\u00fcr die RGPK Karin Braun, Stefan Cescutti und Reto Pfeiffer; f\u00fcr die Sozialbeh\u00f6rde St\u00e9phanie Reymond-Liechti. An den vier \u00abEtappenzielen\u00bb Lindenplatz, Bikepark, Richtiplatz und Zwicky-Areal wollen sich die Kandidierenden nicht nur erholen, sondern sie nehmen sich die Zeit, um sich mit den Wallisellerinnen und Wallisellern auszutauschen. Nutzen Sie also die Gelegenheit, um die Protagonisten unterwegs anzufeuern, bei den Zwischenstopps mit ihnen zu sprechen oder sogar selber mitzufahren.<\/p>\n\n\n\n<p><\/p>\n","protected":false},"excerpt":{"rendered":"<p>Neue Ideen und Wege im Wahlkampf Am 27. M\u00e4rz finden in Wallisellen die Beh\u00f6rdenwahlen statt. Doch wie lernt man die Kandidierenden in Zeiten der Corona-Pandemie kennen? Wie erf\u00e4hrt man mehr \u00fcber ihre Beweggr\u00fcnde und Ziele? Weshalb treten sie nochmals an? Was m\u00f6chten sie bewirken? Zoom-Anlass des Forum pro Wallisellen Das Forum pro Wallisellen (FpW) bot [&hellip;]<\/p>\n","protected":false},"author":3,"featured_media":0,"comment_status":"closed","ping_status":"","sticky":false,"template":"","format":"standard","meta":{"footnotes":""},"categories":[1],"tags":[],"class_list":["post-1137","post","type-post","status-publish","format-standard","hentry","category-uncategorized"],"_links":{"self":[{"href":"https:\/\/www.forumprowallisellen.ch\/index.php\/wp-json\/wp\/v2\/posts\/1137","targetHints":{"allow":["GET"]}}],"collection":[{"href":"https:\/\/www.forumprowallisellen.ch\/index.php\/wp-json\/wp\/v2\/posts"}],"about":[{"href":"https:\/\/www.forumprowallisellen.ch\/index.php\/wp-json\/wp\/v2\/types\/post"}],"author":[{"embeddable":true,"href":"https:\/\/www.forumprowallisellen.ch\/index.php\/wp-json\/wp\/v2\/users\/3"}],"replies":[{"embeddable":true,"href":"https:\/\/www.forumprowallisellen.ch\/index.php\/wp-json\/wp\/v2\/comments?post=1137"}],"version-history":[{"count":17,"href":"https:\/\/www.forumprowallisellen.ch\/index.php\/wp-json\/wp\/v2\/posts\/1137\/revisions"}],"predecessor-version":[{"id":1196,"href":"https:\/\/www.forumprowallisellen.ch\/index.php\/wp-json\/wp\/v2\/posts\/1137\/revisions\/1196"}],"wp:attachment":[{"href":"https:\/\/www.forumprowallisellen.ch\/index.php\/wp-json\/wp\/v2\/media?parent=1137"}],"wp:term":[{"taxonomy":"category","embeddable":true,"href":"https:\/\/www.forumprowallisellen.ch\/index.php\/wp-json\/wp\/v2\/categories?post=1137"},{"taxonomy":"post_tag","embeddable":true,"href":"https:\/\/www.forumprowallisellen.ch\/index.php\/wp-json\/wp\/v2\/tags?post=1137"}],"curies":[{"name":"wp","href":"https:\/\/api.w.org\/{rel}","templated":true}]}}